{"id":6510,"date":"2021-06-29T09:00:48","date_gmt":"2021-06-29T09:00:48","guid":{"rendered":"https:\/\/www.minc.at\/idealday-10-000-edenred-mitarbeiter-engagierten-sich-fuer-lokale-gemeinschaftsinitiativen\/"},"modified":"2021-12-20T11:40:20","modified_gmt":"2021-12-20T11:40:20","slug":"idealday-10-000-edenred-mitarbeiter-engagierten-sich-fuer-lokale-gemeinschaftsinitiativen","status":"publish","type":"post","link":"https:\/\/www.minc.at\/en\/idealday-10-000-edenred-mitarbeiter-engagierten-sich-fuer-lokale-gemeinschaftsinitiativen\/","title":{"rendered":"Idealday: 10.000 Edenred-Mitarbeiter engagierten sich f\u00fcr lokale Gemeinschaftsinitiativen"},"content":{"rendered":"<div class=\"fusion-fullwidth fullwidth-box fusion-builder-row-1 fusion-flex-container nonhundred-percent-fullwidth non-hundred-percent-height-scrolling\" style=\"--awb-border-radius-top-left:0px;--awb-border-radius-top-right:0px;--awb-border-radius-bottom-right:0px;--awb-border-radius-bottom-left:0px;--awb-flex-wrap:wrap;\" ><div class=\"fusion-builder-row fusion-row fusion-flex-align-items-flex-start fusion-flex-content-wrap\" style=\"max-width:988px;margin-left: calc(-4% \/ 2 );margin-right: calc(-4% \/ 2 );\"><div class=\"fusion-layout-column fusion_builder_column fusion-builder-column-0 fusion_builder_column_1_1 1_1 fusion-flex-column\" style=\"--awb-bg-size:cover;--awb-width-large:100%;--awb-margin-top-large:0px;--awb-spacing-right-large:1.92%;--awb-margin-bottom-large:20px;--awb-spacing-left-large:1.92%;--awb-width-medium:100%;--awb-order-medium:0;--awb-spacing-right-medium:1.92%;--awb-spacing-left-medium:1.92%;--awb-width-small:100%;--awb-order-small:0;--awb-spacing-right-small:1.92%;--awb-spacing-left-small:1.92%;\"><div class=\"fusion-column-wrapper fusion-column-has-shadow fusion-flex-justify-content-flex-start fusion-content-layout-column\"><div class=\"fusion-title title fusion-title-1 fusion-sep-none fusion-title-text fusion-title-size-div\" style=\"--awb-font-size:11px;\"><div class=\"fusion-title-heading title-heading-left title-heading-tag fusion-responsive-typography-calculated\" style=\"margin:0;font-size:1em;--fontSize:11;--minFontSize:11;line-height:1.5;\">29.06.2021<\/div><\/div><\/div><\/div><div class=\"fusion-layout-column fusion_builder_column fusion-builder-column-1 fusion_builder_column_2_3 2_3 fusion-flex-column\" style=\"--awb-bg-size:cover;--awb-width-large:66.6666666667%;--awb-margin-top-large:0px;--awb-spacing-right-large:2.88%;--awb-margin-bottom-large:20px;--awb-spacing-left-large:2.88%;--awb-width-medium:66.6666666667%;--awb-order-medium:0;--awb-spacing-right-medium:2.88%;--awb-spacing-left-medium:2.88%;--awb-width-small:100%;--awb-order-small:0;--awb-spacing-right-small:1.92%;--awb-spacing-left-small:1.92%;\"><div class=\"fusion-column-wrapper fusion-column-has-shadow fusion-flex-justify-content-flex-start fusion-content-layout-column\"><div class=\"fusion-title title fusion-title-2 fusion-sep-none fusion-title-text fusion-title-size-two\" style=\"--awb-text-color:#4a4843;\"><h2 class=\"fusion-title-heading title-heading-left fusion-responsive-typography-calculated\" style=\"font-family:&quot;Open Sans&quot;;font-style:normal;font-weight:700;margin:0;--fontSize:20;line-height:1.2;\">Wien, 29. Juni 2021 \u2013 Am 25. Juni 2021 war es bei Edenred wieder Zeit f\u00fcr geballtes soziales Engagement: Im Rahmen des sogenannten Idealday widmeten die weltweit 10.000 Mitarbeiter einen Teil ihrer Arbeitszeit lokalen Gemeinschaftsinitiativen. Beim Idealday handelt es sich um den allj\u00e4hrlichen EdenredAktionstag f\u00fcr Solidarit\u00e4t und soziales Engagement. Heuer beteiligte sich der Konzern in 46 L\u00e4ndern an insgesamt 84 sozialen Initiativen. Dabei standen 76 NGO\u00b4s im Fokus.<\/h2><\/div><div class=\"fusion-separator\" style=\"align-self: flex-start;margin-right:auto;margin-top:10px;margin-bottom:10px;width:100%;max-width:6%;\"><div class=\"fusion-separator-border sep-single sep-dashed\" style=\"--awb-height:20px;--awb-amount:20px;--awb-sep-color:#4a4843;border-color:#4a4843;border-top-width:1px;\"><\/div><\/div><div class=\"fusion-text fusion-text-1\"><p>Vom Austeilen von Mahlzeiten an benachteiligte Menschen \u00fcber das Sammeln von M\u00fcll in Naturschutzgebieten bis hin zur Unterst\u00fctzung von Menschen in Not \u2013 am f\u00fcnften Idealday beteiligte sich Edenred weltweit an insgesamt 84 Gemeinschaftsinitiativen.<\/p>\n<h3>Tatkr\u00e4ftige Unterst\u00fctzung des Projekts \u201eVinziRast am Land\u201c<\/h3>\n<p>In \u00d6sterreich war das 20-k\u00f6pfige Edenred-Team bei \u201eVinziRast am Land\u201c im Einsatz. Das Projekt soll ehemals obdachlosen Menschen k\u00fcnftig ein Zuhause in Gemeinschaft sowie sinnvolle Arbeit geben. Ein ehemaliges Hotel am Rande Wiens bietet hierf\u00fcr die ideale Infrastruktur: Gro\u00dfz\u00fcgige Anbaufl\u00e4chen, Wiesen und Wald, Gemeinschaftsr\u00e4ume, kleine Wohneinheiten, Werk- und Seminarr\u00e4ume und G\u00e4stezimmer. Durch den Verkauf von Eiern und Gem\u00fcsekisten, Caterings sowie die Raum- und Zimmervermietung soll sich das Projekt langfristig selbst tragen.<\/p>\n<p>Das top-motivierte Team von Edenred \u00d6sterreich hat am vergangenen Freitag tatkr\u00e4ftig angepackt: So wurden Felder von Unkraut befreit, beim Bau eines H\u00fchnerstalls geholfen und Vorbereitungsarbeiten f\u00fcr die sp\u00e4tere Errichtung eines Glashauses get\u00e4tigt. F\u00fcr Edenred \u00d6sterreich ist diese Unterst\u00fctzung keine einmalige Aktion. Getreu der Firmenphilosophie \u201eEnrich connections. For good.\u201c wird auch hier eine nachhaltige soziale Partnerschaft, wie sie etwa bereits mit dem \u00d6sterreichischen Roten Kreuz und To Good to Go besteht, angestrebt.<\/p>\n<h3>Edenred lebt soziales Engagement weltweit<\/h3>\n<p>Auch in anderen Teilen der Welt engagierte sich Edenred an der allj\u00e4hrlichen Initiative \u2013 und das auf vielf\u00e4ltige Art und Weise: W\u00e4hrend in Singapur ein Strand gereinigt wurde, sammelten die Konzernmitarbeiter in Rum\u00e4nien M\u00fcll in den W\u00e4ldern von Bukarest auf. In Belgien wurden kleine Einzelh\u00e4ndler hingegen in digitaler Technologie geschult, damit sie ihr Unternehmen in diesem Bereich selbstst\u00e4ndig weiterentwickeln k\u00f6nnen. In Brasilien organisierten insgesamt 1.000 Mitarbeiter sowohl pers\u00f6nliche als auch virtuelle Treffen, um junge Menschen rund um den Einstieg in den Arbeitsmarkt zu beraten, mit \u00e4lteren Menschen zu chatten und lokale Non-Profit-Organisationen zu unterst\u00fctzen.<\/p>\n<h3>Enrich connections. For good.<\/h3>\n<p>Der Idealday z\u00e4hlt zu den vier S\u00e4ulen, auf denen die Corporate Social Responsibility-Philosophie der Edenred-Gruppe fu\u00dft. Im Jahr 2017 wurde die Initiative ins Leben gerufen, bei der Mitarbeitern die M\u00f6glichkeit geboten wird, sich an verschiedenen Gemeinschaftsinitiativen und sozialen Projekten zu beteiligen. Der Idealday spiegelt zugleich auch das Konzernziel \"Enrich connections. For good.\" wider.<\/p>\n<p>Zu den weiteren S\u00e4ulen z\u00e4hlen Idealpeople, Idealplanet und Ideal Progress. Idealpeople zielt darauf ab, die Lebensqualit\u00e4t zu verbessern. Idealplanet setzt sich f\u00fcr nachhaltige Prozesse und die Erhaltung der Umwelt ein und bei Idealprogress steht die \u00dcbernahme von Verantwortung und die stetige Besinnung auf zentrale Werte im Fokus.<\/p>\n<h3>Bildindex<\/h3>\n<p>Bild 1: Das top-motivierte Team von Edenred \u00d6sterreich bei den Arbeiten f\u00fcr das Projekt \u201eVinziRast am Land\u201c\n\u00a9 Edenred<\/p>\n<p>Bild 2: Auch im Jahr 2020 traten die Edenred-Mitarbeiter \u2013 trotz der Pandemie und unter strengster Einhaltung der Gesundheits- und Sicherheitsma\u00dfnahmen \u2013 begeistert\nund voller Tatendrang an, um den Idealday zu feiern.\n\u00a9 Edenred<\/p>\n<p><em>Der Abdruck der Bilder f\u00fcr Pressezwecke ist unter Angabe der Copyrights kostenfrei.<\/em><\/p>\n<h3>\u00dcber Edenred<\/h3>\n<p>Edenred ist eine f\u00fchrende digitale Plattform f\u00fcr Dienstleistungen und Zahlungen und der allt\u00e4gliche Begleiter f\u00fcr Menschen bei der Arbeit. Das Unternehmen verbindet \u00fcber 50 Millionen Nutzer und 2 Millionen Partnerh\u00e4ndler in 46 L\u00e4ndern \u00fcber mehr als 850.000 Firmenkunden.<\/p>\n<p>Edenred bietet zweckgebundene Zahlungsl\u00f6sungen f\u00fcr Lebensmittel (z. B. Essenszusch\u00fcsse), Mobilit\u00e4t (z. B. Multi-Energie-, Wartungs-, Maut-, Park- und Pendlerl\u00f6sungen), Incentives (z. B. Geschenkkarten, Plattformen zur Mitarbeiterbindung) und Unternehmenszahlungen (z. B. virtuelle Karten).<\/p>\n<p>Getreu dem Konzernziel \"Enrich connections. For good.\" steigern diese L\u00f6sungen das Wohlbefinden und die Kaufkraft der Nutzer. Sie verbessern die Attraktivit\u00e4t und Effizienz von Unternehmen und beleben den Arbeitsmarkt und die lokale Wirtschaft. Au\u00dferdem f\u00f6rdern sie den Zugang zu ges\u00fcnderen Lebensmitteln, umweltfreundlicheren Produkten und sanfterer Mobilit\u00e4t.<\/p>\n<p>Die 10.000 Mitarbeiter von Edenred setzen sich jeden Tag daf\u00fcr ein, die Arbeitswelt zu einem vernetzten \u00d6kosystem zu machen, das sicherer, effizienter und verantwortungsvoller ist.<\/p>\n<p>Im Jahr 2020 verwaltete die Gruppe dank ihrer globalen Technologie-Assets ein Gesch\u00e4ftsvolumen von fast 30 Milliarden Euro, das haupts\u00e4chlich \u00fcber mobile Anwendungen, Online-Plattformen und Karten abgewickelt wurde.<\/p>\n<p>Edenred ist an der Pariser B\u00f6rse Euronext notiert und in den folgenden Indizes enthalten: CAC Next 20, FTSE4Good und MSCI Europe.<\/p>\n<p><em>Die in dieser Pressemitteilung erw\u00e4hnten und dargestellten Logos und anderen Marken sind eingetragene Marken von Edenred S.A., ihren Tochtergesellschaften oder Dritten. Sie d\u00fcrfen ohne vorherige schriftliche Zustimmung der Eigent\u00fcmer nicht f\u00fcr kommerzielle Zwecke verwendet werden.<\/em><\/p>\n<h3>\u00dcber Edenred \u00d6sterreich<\/h3>\n<p>Edenred betreut in \u00d6sterreich mehr als 3.000 Firmenkunden und Beh\u00f6rden und bietet rund 300.000 Arbeitnehmern mit seinen Prepaid-Karten und Gutscheinen ein Netzwerk von mehr als 20.000 Einl\u00f6sestellen. Das Unternehmen ist in \u00d6sterreich seit 1993 vertreten und besch\u00e4ftigt aktuell 20 Mitarbeiter am Standort Wien. Edenred unterst\u00fctzt freiwillige Sozialleistungen f\u00fcr Unternehmen mit verschiedenen Services und versteht sich als ein Unternehmen, in dem soziale und \u00f6kologische Verantwortung ein zentraler Wert ist. <a href=\"https:\/\/www.edenred.at\/\">www.edenred.at<\/a><\/p>\n<h3>R\u00fcckfragehinweis:<\/h3>\n<p><strong>Veronika Beck, MA<\/strong><\/br>\nCONSULTANT<\/br><\/p>\n<p>t +43 1 890 04 29 \u2013 32<\/br>\nm +43 664 889 758 29<\/br>\n<a href=\"mailto:veronika.beck@minc.at\">veronika.beck@minc.at<\/a><\/p>\n<p><strong>Milestones in Communication<\/strong><\/br>\nAlser Stra\u00dfe 32\/19, A-1090 Wien<\/p>\n<\/div><\/div><\/div><div class=\"fusion-layout-column fusion_builder_column fusion-builder-column-2 fusion_builder_column_1_3 1_3 fusion-flex-column\" style=\"--awb-bg-size:cover;--awb-width-large:33.3333333333%;--awb-margin-top-large:0px;--awb-spacing-right-large:5.76%;--awb-margin-bottom-large:20px;--awb-spacing-left-large:5.76%;--awb-width-medium:33.3333333333%;--awb-order-medium:0;--awb-spacing-right-medium:5.76%;--awb-spacing-left-medium:5.76%;--awb-width-small:100%;--awb-order-small:0;--awb-spacing-right-small:1.92%;--awb-spacing-left-small:1.92%;\"><div class=\"fusion-column-wrapper fusion-column-has-shadow fusion-flex-justify-content-flex-start fusion-content-layout-column\"><div class=\"fusion-builder-row fusion-builder-row-inner fusion-row fusion-flex-align-items-flex-start fusion-flex-content-wrap\" style=\"width:104% !important;max-width:104% !important;margin-left: calc(-4% \/ 2 );margin-right: calc(-4% \/ 2 );\"><div class=\"fusion-layout-column fusion_builder_column_inner fusion-builder-nested-column-0 fusion_builder_column_inner_1_1 1_1 fusion-flex-column\" style=\"--awb-bg-size:cover;--awb-width-large:100%;--awb-margin-top-large:0px;--awb-spacing-right-large:1.92%;--awb-margin-bottom-large:0px;--awb-spacing-left-large:1.92%;--awb-width-medium:100%;--awb-order-medium:0;--awb-spacing-right-medium:1.92%;--awb-spacing-left-medium:1.92%;--awb-width-small:100%;--awb-order-small:0;--awb-spacing-right-small:1.92%;--awb-spacing-left-small:1.92%;\"><div class=\"fusion-column-wrapper fusion-column-has-shadow fusion-flex-justify-content-flex-start fusion-content-layout-column\"><div class=\"fusion-image-element \" style=\"--awb-liftup-border-radius:0px;--awb-margin-bottom:10px;--awb-caption-title-font-family:var(--h2_typography-font-family);--awb-caption-title-font-weight:var(--h2_typography-font-weight);--awb-caption-title-font-style:var(--h2_typography-font-style);--awb-caption-title-size:var(--h2_typography-font-size);--awb-caption-title-transform:var(--h2_typography-text-transform);--awb-caption-title-line-height:var(--h2_typography-line-height);--awb-caption-title-letter-spacing:var(--h2_typography-letter-spacing);\"><div class=\"awb-image-frame awb-image-frame-1 imageframe-liftup\"><span class=\" fusion-imageframe imageframe-none imageframe-1\"><a href=\"https:\/\/www.minc.at\/wp-content\/uploads\/2021\/07\/Bild-1-Das-Team-von-Edenred-Oesterreich-half-VinziRast-am-Land.jpg\" class=\"fusion-lightbox\" data-rel=\"iLightbox[6c1436c1ed7e48f6f2c]\" data-title=\"Bild 1 Das Team von Edenred Oesterreich half VinziRast am Land\" title=\"Bild 1 Das Team von Edenred Oesterreich half VinziRast am Land\"><img decoding=\"async\" width=\"1080\" height=\"843\" src=\"https:\/\/www.minc.at\/wp-content\/uploads\/2021\/07\/Bild-1-Das-Team-von-Edenred-Oesterreich-half-VinziRast-am-Land.jpg\" data-orig-src=\"https:\/\/www.minc.at\/wp-content\/uploads\/2021\/07\/Bild-1-Das-Team-von-Edenred-Oesterreich-half-VinziRast-am-Land.jpg\" alt class=\"lazyload img-responsive wp-image-4869\" srcset=\"data:image\/svg+xml,%3Csvg%20xmlns%3D%27http%3A%2F%2Fwww.w3.org%2F2000%2Fsvg%27%20width%3D%271080%27%20height%3D%27843%27%20viewBox%3D%270%200%201080%20843%27%3E%3Crect%20width%3D%271080%27%20height%3D%27843%27%20fill-opacity%3D%220%22%2F%3E%3C%2Fsvg%3E\" data-srcset=\"https:\/\/www.minc.at\/wp-content\/uploads\/2021\/07\/Bild-1-Das-Team-von-Edenred-Oesterreich-half-VinziRast-am-Land-200x156.jpg 200w, https:\/\/www.minc.at\/wp-content\/uploads\/2021\/07\/Bild-1-Das-Team-von-Edenred-Oesterreich-half-VinziRast-am-Land-400x312.jpg 400w, https:\/\/www.minc.at\/wp-content\/uploads\/2021\/07\/Bild-1-Das-Team-von-Edenred-Oesterreich-half-VinziRast-am-Land-600x468.jpg 600w, https:\/\/www.minc.at\/wp-content\/uploads\/2021\/07\/Bild-1-Das-Team-von-Edenred-Oesterreich-half-VinziRast-am-Land-800x624.jpg 800w, https:\/\/www.minc.at\/wp-content\/uploads\/2021\/07\/Bild-1-Das-Team-von-Edenred-Oesterreich-half-VinziRast-am-Land.jpg 1080w\" data-sizes=\"auto\" data-orig-sizes=\"(max-width: 740px) 100vw, 1080px\" \/><\/a><\/span><\/div><\/div>\n<div class=\"fusion-text fusion-text-2\" style=\"--awb-font-size:11px;--awb-text-color:#969696;\"><p>Bild 1: Das top-motivierte Team von Edenred \u00d6sterreich bei den Arbeiten f\u00fcr das Projekt \u201eVinziRast am Land\u201c<\/p>\n<\/div><\/div><\/div><\/div><div class=\"fusion-builder-row fusion-builder-row-inner fusion-row fusion-flex-align-items-flex-start fusion-flex-content-wrap\" style=\"width:104% !important;max-width:104% !important;margin-left: calc(-4% \/ 2 );margin-right: calc(-4% \/ 2 );\"><div class=\"fusion-layout-column fusion_builder_column_inner fusion-builder-nested-column-1 fusion_builder_column_inner_1_1 1_1 fusion-flex-column\" style=\"--awb-bg-size:cover;--awb-width-large:100%;--awb-margin-top-large:0px;--awb-spacing-right-large:1.92%;--awb-margin-bottom-large:0px;--awb-spacing-left-large:1.92%;--awb-width-medium:100%;--awb-order-medium:0;--awb-spacing-right-medium:1.92%;--awb-spacing-left-medium:1.92%;--awb-width-small:100%;--awb-order-small:0;--awb-spacing-right-small:1.92%;--awb-spacing-left-small:1.92%;\"><div class=\"fusion-column-wrapper fusion-column-has-shadow fusion-flex-justify-content-flex-start fusion-content-layout-column\"><div class=\"fusion-image-element \" style=\"--awb-liftup-border-radius:0px;--awb-margin-bottom:10px;--awb-caption-title-font-family:var(--h2_typography-font-family);--awb-caption-title-font-weight:var(--h2_typography-font-weight);--awb-caption-title-font-style:var(--h2_typography-font-style);--awb-caption-title-size:var(--h2_typography-font-size);--awb-caption-title-transform:var(--h2_typography-text-transform);--awb-caption-title-line-height:var(--h2_typography-line-height);--awb-caption-title-letter-spacing:var(--h2_typography-letter-spacing);\"><div class=\"awb-image-frame awb-image-frame-2 imageframe-liftup\"><span class=\" fusion-imageframe imageframe-none imageframe-2\"><a href=\"https:\/\/www.minc.at\/wp-content\/uploads\/2021\/07\/Bild-2-Edenred-Mitarbeiter-beim-Idealday-im-Corona-Jahr-2020.jpg\" class=\"fusion-lightbox\" data-rel=\"iLightbox[ea8209852b6247c2617]\" data-title=\"Bild 2 Edenred-Mitarbeiter beim Idealday im Corona-Jahr 2020\" title=\"Bild 2 Edenred-Mitarbeiter beim Idealday im Corona-Jahr 2020\"><img decoding=\"async\" width=\"429\" height=\"429\" src=\"https:\/\/www.minc.at\/wp-content\/uploads\/2021\/07\/Bild-2-Edenred-Mitarbeiter-beim-Idealday-im-Corona-Jahr-2020.jpg\" data-orig-src=\"https:\/\/www.minc.at\/wp-content\/uploads\/2021\/07\/Bild-2-Edenred-Mitarbeiter-beim-Idealday-im-Corona-Jahr-2020.jpg\" alt class=\"lazyload img-responsive wp-image-4873\" srcset=\"data:image\/svg+xml,%3Csvg%20xmlns%3D%27http%3A%2F%2Fwww.w3.org%2F2000%2Fsvg%27%20width%3D%27429%27%20height%3D%27429%27%20viewBox%3D%270%200%20429%20429%27%3E%3Crect%20width%3D%27429%27%20height%3D%27429%27%20fill-opacity%3D%220%22%2F%3E%3C%2Fsvg%3E\" data-srcset=\"https:\/\/www.minc.at\/wp-content\/uploads\/2021\/07\/Bild-2-Edenred-Mitarbeiter-beim-Idealday-im-Corona-Jahr-2020-200x200.jpg 200w, https:\/\/www.minc.at\/wp-content\/uploads\/2021\/07\/Bild-2-Edenred-Mitarbeiter-beim-Idealday-im-Corona-Jahr-2020-400x400.jpg 400w, https:\/\/www.minc.at\/wp-content\/uploads\/2021\/07\/Bild-2-Edenred-Mitarbeiter-beim-Idealday-im-Corona-Jahr-2020.jpg 429w\" data-sizes=\"auto\" data-orig-sizes=\"(max-width: 740px) 100vw, 429px\" \/><\/a><\/span><\/div><\/div><div class=\"fusion-text fusion-text-3\" style=\"--awb-font-size:11px;--awb-text-color:#969696;\"><p>Bild 2: Auch im Jahr 2020 traten die Edenred-Mitarbeiter \u2013 trotz der Pandemie und unter strengster Einhaltung der Gesundheits- und Sicherheitsma\u00dfnahmen \u2013 begeistert und voller Tatendrang an, um den Idealday zu feiern.<\/p>\n<\/div><\/div><\/div><\/div><div class=\"fusion-builder-row fusion-builder-row-inner fusion-row fusion-flex-align-items-flex-start fusion-flex-content-wrap\" style=\"width:104% !important;max-width:104% !important;margin-left: calc(-4% \/ 2 );margin-right: calc(-4% \/ 2 );\"><div class=\"fusion-layout-column fusion_builder_column_inner fusion-builder-nested-column-2 fusion_builder_column_inner_1_1 1_1 fusion-flex-column\" style=\"--awb-bg-size:cover;--awb-width-large:100%;--awb-margin-top-large:0px;--awb-spacing-right-large:1.92%;--awb-margin-bottom-large:0px;--awb-spacing-left-large:1.92%;--awb-width-medium:100%;--awb-order-medium:0;--awb-spacing-right-medium:1.92%;--awb-spacing-left-medium:1.92%;--awb-width-small:100%;--awb-order-small:0;--awb-spacing-right-small:1.92%;--awb-spacing-left-small:1.92%;\"><div class=\"fusion-column-wrapper fusion-column-has-shadow fusion-flex-justify-content-flex-start fusion-content-layout-column\"><div class=\"fusion-text fusion-text-4\" style=\"--awb-font-size:11px;--awb-text-color:#969696;\"><\/div><\/div><\/div><\/div><div class=\"fusion-separator\" style=\"align-self: flex-start;margin-right:auto;margin-bottom:10px;width:100%;max-width:8%;\"><div class=\"fusion-separator-border sep-single sep-dashed\" style=\"--awb-height:20px;--awb-amount:20px;--awb-sep-color:#969696;border-color:#969696;border-top-width:1px;\"><\/div><\/div><div class=\"fusion-text fusion-text-5\" style=\"--awb-font-size:11px;--awb-text-color:#969696;\"><p>Der Abdruck ist f\u00fcr Pressezwecke unter Angabe des Copyrights honorarfrei.<\/p>\n<\/div><div class=\"fusion-separator\" style=\"align-self: flex-start;margin-right:auto;margin-bottom:10px;width:100%;max-width:8%;\"><div class=\"fusion-separator-border sep-single sep-dashed\" style=\"--awb-height:20px;--awb-amount:20px;--awb-sep-color:#969696;border-color:#969696;border-top-width:1px;\"><\/div><\/div><div class=\"fusion-text fusion-text-6\" style=\"--awb-font-size:11px;--awb-text-color:#969696;\"><p><a href=\"https:\/\/www.minc.at\/wp-content\/uploads\/2021\/07\/210629-PA-Geballtes-soziales-Engagement-beim-alljaehrlichen-Idealday-von-Edenred1.pdf\">PA Geballtes soziales Engagement beim alljaehrlichen Idealday von Edenred<\/a><\/p>\n<\/div><div class=\"fusion-separator\" style=\"align-self: flex-start;margin-right:auto;margin-bottom:10px;width:100%;max-width:8%;\"><div class=\"fusion-separator-border sep-single sep-dashed\" style=\"--awb-height:20px;--awb-amount:20px;--awb-sep-color:#969696;border-color:#969696;border-top-width:1px;\"><\/div><\/div><\/div><\/div><\/div><\/div>\n","protected":false},"excerpt":{"rendered":"","protected":false},"author":3,"featured_media":4867,"comment_status":"closed","ping_status":"closed","sticky":false,"template":"","format":"standard","meta":{"_acf_changed":false,"inline_featured_image":false,"footnotes":""},"categories":[58],"tags":[],"class_list":["post-6510","post","type-post","status-publish","format-standard","has-post-thumbnail","hentry","category-minc-news-en"],"acf":[],"_links":{"self":[{"href":"https:\/\/www.minc.at\/en\/wp-json\/wp\/v2\/posts\/6510","targetHints":{"allow":["GET"]}}],"collection":[{"href":"https:\/\/www.minc.at\/en\/wp-json\/wp\/v2\/posts"}],"about":[{"href":"https:\/\/www.minc.at\/en\/wp-json\/wp\/v2\/types\/post"}],"author":[{"embeddable":true,"href":"https:\/\/www.minc.at\/en\/wp-json\/wp\/v2\/users\/3"}],"replies":[{"embeddable":true,"href":"https:\/\/www.minc.at\/en\/wp-json\/wp\/v2\/comments?post=6510"}],"version-history":[{"count":1,"href":"https:\/\/www.minc.at\/en\/wp-json\/wp\/v2\/posts\/6510\/revisions"}],"predecessor-version":[{"id":6515,"href":"https:\/\/www.minc.at\/en\/wp-json\/wp\/v2\/posts\/6510\/revisions\/6515"}],"wp:featuredmedia":[{"embeddable":true,"href":"https:\/\/www.minc.at\/en\/wp-json\/wp\/v2\/media\/4867"}],"wp:attachment":[{"href":"https:\/\/www.minc.at\/en\/wp-json\/wp\/v2\/media?parent=6510"}],"wp:term":[{"taxonomy":"category","embeddable":true,"href":"https:\/\/www.minc.at\/en\/wp-json\/wp\/v2\/categories?post=6510"},{"taxonomy":"post_tag","embeddable":true,"href":"https:\/\/www.minc.at\/en\/wp-json\/wp\/v2\/tags?post=6510"}],"curies":[{"name":"wp","href":"https:\/\/api.w.org\/{rel}","templated":true}]}}