{"id":6491,"date":"2021-08-10T09:35:42","date_gmt":"2021-08-10T09:35:42","guid":{"rendered":"https:\/\/www.minc.at\/premiumbautraeger-glorit-holt-versierten-einkaufsprofi-an-bord\/"},"modified":"2021-12-20T11:40:18","modified_gmt":"2021-12-20T11:40:18","slug":"premiumbautraeger-glorit-holt-versierten-einkaufsprofi-an-bord","status":"publish","type":"post","link":"https:\/\/www.minc.at\/en\/premiumbautraeger-glorit-holt-versierten-einkaufsprofi-an-bord\/","title":{"rendered":"Premiumbautr\u00e4ger Glorit holt versierten Einkaufsprofi an Bord"},"content":{"rendered":"<div class=\"fusion-fullwidth fullwidth-box fusion-builder-row-1 fusion-flex-container nonhundred-percent-fullwidth non-hundred-percent-height-scrolling\" style=\"--awb-border-radius-top-left:0px;--awb-border-radius-top-right:0px;--awb-border-radius-bottom-right:0px;--awb-border-radius-bottom-left:0px;--awb-flex-wrap:wrap;\" ><div class=\"fusion-builder-row fusion-row fusion-flex-align-items-flex-start fusion-flex-content-wrap\" style=\"max-width:988px;margin-left: calc(-4% \/ 2 );margin-right: calc(-4% \/ 2 );\"><div class=\"fusion-layout-column fusion_builder_column fusion-builder-column-0 fusion_builder_column_1_1 1_1 fusion-flex-column\" style=\"--awb-bg-size:cover;--awb-width-large:100%;--awb-margin-top-large:0px;--awb-spacing-right-large:1.92%;--awb-margin-bottom-large:20px;--awb-spacing-left-large:1.92%;--awb-width-medium:100%;--awb-order-medium:0;--awb-spacing-right-medium:1.92%;--awb-spacing-left-medium:1.92%;--awb-width-small:100%;--awb-order-small:0;--awb-spacing-right-small:1.92%;--awb-spacing-left-small:1.92%;\"><div class=\"fusion-column-wrapper fusion-column-has-shadow fusion-flex-justify-content-flex-start fusion-content-layout-column\"><div class=\"fusion-title title fusion-title-1 fusion-sep-none fusion-title-text fusion-title-size-div\" style=\"--awb-font-size:11px;\"><div class=\"fusion-title-heading title-heading-left title-heading-tag fusion-responsive-typography-calculated\" style=\"margin:0;font-size:1em;--fontSize:11;--minFontSize:11;line-height:1.5;\">10.08.2021<\/div><\/div><\/div><\/div><div class=\"fusion-layout-column fusion_builder_column fusion-builder-column-1 fusion_builder_column_2_3 2_3 fusion-flex-column\" style=\"--awb-bg-size:cover;--awb-width-large:66.6666666667%;--awb-margin-top-large:0px;--awb-spacing-right-large:2.88%;--awb-margin-bottom-large:20px;--awb-spacing-left-large:2.88%;--awb-width-medium:66.6666666667%;--awb-order-medium:0;--awb-spacing-right-medium:2.88%;--awb-spacing-left-medium:2.88%;--awb-width-small:100%;--awb-order-small:0;--awb-spacing-right-small:1.92%;--awb-spacing-left-small:1.92%;\"><div class=\"fusion-column-wrapper fusion-column-has-shadow fusion-flex-justify-content-flex-start fusion-content-layout-column\"><div class=\"fusion-title title fusion-title-2 fusion-sep-none fusion-title-text fusion-title-size-two\" style=\"--awb-text-color:#4a4843;\"><h2 class=\"fusion-title-heading title-heading-left fusion-responsive-typography-calculated\" style=\"font-family:&quot;Open Sans&quot;;font-style:normal;font-weight:700;margin:0;--fontSize:20;line-height:1.2;\">Serban Metes ist neuer Einkaufsleiter<\/h2><\/div><div class=\"fusion-separator\" style=\"align-self: flex-start;margin-right:auto;margin-top:10px;margin-bottom:10px;width:100%;max-width:6%;\"><div class=\"fusion-separator-border sep-single sep-dashed\" style=\"--awb-height:20px;--awb-amount:20px;--awb-sep-color:#4a4843;border-color:#4a4843;border-top-width:1px;\"><\/div><\/div><div class=\"fusion-text fusion-text-1\"><p><strong>Wien, 10. August 2021 \u2013 Serban Metes (36) ist der neue Leiter der Abteilung Einkauf bei Wiens Premiumbautr\u00e4ger Glorit. Der geb\u00fcrtige Rum\u00e4ne blickt auf insgesamt 14 Jahre Erfahrung bei namhaften Unternehmen wie bauMax, LIBRO und Doka zur\u00fcck.<\/strong><\/p>\n<p>Glorit, der mehrfach ausgezeichnete Premiumbautr\u00e4ger im Gro\u00dfraum Wien, ist bekannt daf\u00fcr, stets die h\u00f6chsten Qualit\u00e4ts- und Serviceanforderungen an sich selbst zu stellen. Mit Serban Metes hat das Unternehmen nun einen erfahrenen Einkaufsprofi mit denselben hohen Anspr\u00fcchen an Bord geholt.<\/p>\n<p>An der Schnittstelle zur Produktion, Planung und Baustelle ist Serban Metes f\u00fcr den strategischen und operativen Einkauf der qualitativ hochwertigen Materialien und Dienstleistungen des Premiumbautr\u00e4gers verantwortlich. Die Koordinierung von Lieferanten z\u00e4hlt dabei ebenso zu seinem Aufgabenspektrum wie die Gew\u00e4hrleistung von Sicherheit und Planbarkeit \u2013 nicht zuletzt auch als Basis f\u00fcr strategische Unternehmensentscheidungen. Seine Ziele f\u00fcr die Zukunft: Effizienzsteigerungen und die Erweiterung der Lieferantenbasis.<\/p>\n<p>\u201eIch war schon immer sehr zielstrebig und stelle immer die h\u00f6chsten Anspr\u00fcche an mich selbst. Insofern ist Glorit der perfekte Arbeitgeber f\u00fcr mich. Ich freue mich sehr auf die neuen Herausforderungen und dar\u00fcber, gemeinsam mit meinem Team f\u00fcr den weiteren Ausbau der Qualit\u00e4tsstandards verantwortlich zu sein\u201c, sagt Serban Metes.<\/p>\n<p>\u201eSerban Metes bringt langj\u00e4hrige Berufserfahrung und viel Know-how im Einkauf mit. Es macht uns sehr stolz, einen so versierten und motivierten Experten gewonnen zu haben, der die dynamische Entwicklung des Unternehmens mitgestaltet. Seine ausgezeichneten F\u00e4higkeiten konnte Serban Metes inzwischen schon im Zuge der schwierigen Rohstoffsituation und der damit einhergehenden Umstellung von just-in-time auf maximale Lagerhaltung unter Beweis stellen\u201c, so Gesch\u00e4ftsf\u00fchrer Lukas Sattlegger.<\/p>\n<p>Serban Metes wurde 1984 in Rum\u00e4nien geboren. Nach der Matura absolvierte er ein BWL-Studium an der Universit\u00e4t f\u00fcr Wirtschaftsstudien in Bukarest. Von 2007 bis 2011 war er f\u00fcr bauMax Rum\u00e4nien in Bukarest t\u00e4tig, bevor er dann zu bauMax International nach Wien wechselte. Es folgten zahlreiche Weiterbildungen \u2013 unter anderem im Bereich Verhandlungsf\u00fchrung. Vor seinem Einstieg als Leiter der Abteilung Einkauf beim Premiumbautr\u00e4ger Glorit war Metes f\u00fcr LIBRO und zuletzt bei Doka t\u00e4tig.<\/p>\n<p>Abseits der Arbeit engagiert sich Serban Metes seit 2012 als ehrenamtlicher Event-Manager f\u00fcr TEDx Vienna, den weltweit bekannten Innovationskonferenzen, bei denen namhafte Experten und Pers\u00f6nlichkeiten aus den unterschiedlichsten Bereichen Kurzvortr\u00e4ge halten. \u201eIn meiner Freizeit genie\u00dfe ich einfach alles, was Wien und Wien-Umgebung zu bieten hat\u201c, so der Wahl-\u00d6sterreicher. \u201eIch bin auch gerne in den Bergen zum Snowboarden.\u201c Basketball und Oldtimer z\u00e4hlen ebenfalls zu seinen Leidenschaften.<\/p>\n<h3><strong>\u00dcber Glorit<\/strong><\/h3>\n<p>Die Glorit Bausysteme GmbH z\u00e4hlt zu den gr\u00f6\u00dften privaten Bautr\u00e4gern im Gro\u00dfraum Wien. Als Kernmarkt gelten die Toplagen des aufstrebenden 21. und 22. Bezirks. Das Unternehmen ist als Premiumanbieter auf den Bau von Einzelh\u00e4usern, Doppelh\u00e4usern, Reihenh\u00e4usern, Villen sowie auf den mehrgeschossigen Wohnbau (Eigentumswohnungen) spezialisiert. Mit dem \u201eAlles aus einer Hand-Service\u201c eines erfahrenen Bautr\u00e4gers sind h\u00f6chste Qualit\u00e4ts- und Dienstleistungsstandards ebenso sichergestellt, wie die Einhaltung der vereinbarten Baukosten und Zeitpl\u00e4ne. Als erster Bautr\u00e4ger konnte sich das Unternehmen das goldene Qualit\u00e4tssiegel von Bauherrenhilfe, dem Verein f\u00fcr Qualit\u00e4t am Bau, sichern. Dar\u00fcber hinaus wurde Glorit von <a href=\"http:\/\/FindMyHome.at\">FindMyHome.at<\/a> unter 25.000 Befragten 2021 zum vierten Mal in Folge zum \u201eTop Developer\u201c gew\u00e4hlt und geht aus den Interconnection-Studien 2018 bis 2021 durchgehend als Marktf\u00fchrer f\u00fcr Fertigh\u00e4user in Wien und \u00f6sterreichweiter Wachstumssieger der Branche hervor. F\u00fcr seine unternehmerischen Leistungen der vergangenen Jahre wurde Gesch\u00e4ftsf\u00fchrer Stefan Messar im Herbst 2020 zudem mit dem \u201eEY Entrepreneur Of The Year\u201c in der Kategorie Industry &amp; Technology ausgezeichnet. Im Winter 2020 folgte schlie\u00dflich Platz drei beim renommierten Unternehmensaward \u201eAustria\u00b4s Leading Companies\u201c. Seit 1972 setzten \u00fcber 12.500 Kunden auf die architektonisch hochwertige und \u00f6kologisch nachhaltige Bauweise von Glorit. Firmensitz und Produktion sind in Gro\u00df-Enzersdorf bei Wien beheimatet.<\/p>\n<h3><strong>R\u00fcckfragehinweis:<\/strong><\/h3>\n<p><strong>Veronika Beck, MA<\/strong> <\/br>\nCONSULTANT <\/br><\/p>\n<p>t +43 1 890 04 29 \u2013 32 <\/br>\nm +43 664 889 758 29 <\/br>\n<a href=\"mailto:veronika.beck@minc.at\">veronika.beck@minc.at<\/a><\/p>\n<p><strong>Milestones in Communication<\/strong> <\/br>\nAlser Stra\u00dfe 32\/19, A-1090 Wien <\/br><\/p>\n<\/div><\/div><\/div><div class=\"fusion-layout-column fusion_builder_column fusion-builder-column-2 fusion_builder_column_1_3 1_3 fusion-flex-column\" style=\"--awb-bg-size:cover;--awb-width-large:33.3333333333%;--awb-margin-top-large:0px;--awb-spacing-right-large:5.76%;--awb-margin-bottom-large:20px;--awb-spacing-left-large:5.76%;--awb-width-medium:33.3333333333%;--awb-order-medium:0;--awb-spacing-right-medium:5.76%;--awb-spacing-left-medium:5.76%;--awb-width-small:100%;--awb-order-small:0;--awb-spacing-right-small:1.92%;--awb-spacing-left-small:1.92%;\"><div class=\"fusion-column-wrapper fusion-column-has-shadow fusion-flex-justify-content-flex-start fusion-content-layout-column\"><div class=\"fusion-builder-row fusion-builder-row-inner fusion-row fusion-flex-align-items-flex-start fusion-flex-content-wrap\" style=\"width:104% !important;max-width:104% !important;margin-left: calc(-4% \/ 2 );margin-right: calc(-4% \/ 2 );\"><div class=\"fusion-layout-column fusion_builder_column_inner fusion-builder-nested-column-0 fusion_builder_column_inner_1_1 1_1 fusion-flex-column\" style=\"--awb-bg-size:cover;--awb-width-large:100%;--awb-margin-top-large:0px;--awb-spacing-right-large:1.92%;--awb-margin-bottom-large:0px;--awb-spacing-left-large:1.92%;--awb-width-medium:100%;--awb-order-medium:0;--awb-spacing-right-medium:1.92%;--awb-spacing-left-medium:1.92%;--awb-width-small:100%;--awb-order-small:0;--awb-spacing-right-small:1.92%;--awb-spacing-left-small:1.92%;\"><div class=\"fusion-column-wrapper fusion-column-has-shadow fusion-flex-justify-content-flex-start fusion-content-layout-column\"><div class=\"fusion-image-element \" style=\"--awb-liftup-border-radius:0px;--awb-margin-bottom:10px;--awb-caption-title-font-family:var(--h2_typography-font-family);--awb-caption-title-font-weight:var(--h2_typography-font-weight);--awb-caption-title-font-style:var(--h2_typography-font-style);--awb-caption-title-size:var(--h2_typography-font-size);--awb-caption-title-transform:var(--h2_typography-text-transform);--awb-caption-title-line-height:var(--h2_typography-line-height);--awb-caption-title-letter-spacing:var(--h2_typography-letter-spacing);\"><div class=\"awb-image-frame awb-image-frame-1 imageframe-liftup\"><span class=\" fusion-imageframe imageframe-none imageframe-1\"><a href=\"https:\/\/www.minc.at\/wp-content\/uploads\/2021\/08\/Portrait-Serban-Metes-scaled.jpg\" class=\"fusion-lightbox\" data-rel=\"iLightbox[ed6bea98f5112e54dc5]\" data-title=\"Portrait Serban Metes\" title=\"Portrait Serban Metes\"><img decoding=\"async\" width=\"2560\" height=\"1707\" src=\"https:\/\/www.minc.at\/wp-content\/uploads\/2021\/08\/Portrait-Serban-Metes-scaled.jpg\" data-orig-src=\"https:\/\/www.minc.at\/wp-content\/uploads\/2021\/08\/Portrait-Serban-Metes-scaled.jpg\" alt class=\"lazyload img-responsive wp-image-5170\" srcset=\"data:image\/svg+xml,%3Csvg%20xmlns%3D%27http%3A%2F%2Fwww.w3.org%2F2000%2Fsvg%27%20width%3D%272560%27%20height%3D%271707%27%20viewBox%3D%270%200%202560%201707%27%3E%3Crect%20width%3D%272560%27%20height%3D%271707%27%20fill-opacity%3D%220%22%2F%3E%3C%2Fsvg%3E\" data-srcset=\"https:\/\/www.minc.at\/wp-content\/uploads\/2021\/08\/Portrait-Serban-Metes-200x133.jpg 200w, https:\/\/www.minc.at\/wp-content\/uploads\/2021\/08\/Portrait-Serban-Metes-400x267.jpg 400w, https:\/\/www.minc.at\/wp-content\/uploads\/2021\/08\/Portrait-Serban-Metes-600x400.jpg 600w, https:\/\/www.minc.at\/wp-content\/uploads\/2021\/08\/Portrait-Serban-Metes-800x534.jpg 800w, https:\/\/www.minc.at\/wp-content\/uploads\/2021\/08\/Portrait-Serban-Metes-1200x800.jpg 1200w, https:\/\/www.minc.at\/wp-content\/uploads\/2021\/08\/Portrait-Serban-Metes-scaled.jpg 2560w\" data-sizes=\"auto\" data-orig-sizes=\"(max-width: 740px) 100vw, 1200px\" \/><\/a><\/span><\/div><\/div>\n<div class=\"fusion-text fusion-text-2\" style=\"--awb-font-size:11px;--awb-text-color:#969696;\"><p>Bild 1: Portrait Serban Metes<\/p>\n<\/div><\/div><\/div><\/div><div class=\"fusion-builder-row fusion-builder-row-inner fusion-row fusion-flex-align-items-flex-start fusion-flex-content-wrap\" style=\"width:104% !important;max-width:104% !important;margin-left: calc(-4% \/ 2 );margin-right: calc(-4% \/ 2 );\"><div class=\"fusion-layout-column fusion_builder_column_inner fusion-builder-nested-column-1 fusion_builder_column_inner_1_1 1_1 fusion-flex-column\" style=\"--awb-bg-size:cover;--awb-width-large:100%;--awb-margin-top-large:0px;--awb-spacing-right-large:1.92%;--awb-margin-bottom-large:0px;--awb-spacing-left-large:1.92%;--awb-width-medium:100%;--awb-order-medium:0;--awb-spacing-right-medium:1.92%;--awb-spacing-left-medium:1.92%;--awb-width-small:100%;--awb-order-small:0;--awb-spacing-right-small:1.92%;--awb-spacing-left-small:1.92%;\"><div class=\"fusion-column-wrapper fusion-column-has-shadow fusion-flex-justify-content-flex-start fusion-content-layout-column\"><div class=\"fusion-text fusion-text-3\" style=\"--awb-font-size:11px;--awb-text-color:#969696;\"><\/div><\/div><\/div><\/div><div class=\"fusion-builder-row fusion-builder-row-inner fusion-row fusion-flex-align-items-flex-start fusion-flex-content-wrap\" style=\"width:104% !important;max-width:104% !important;margin-left: calc(-4% \/ 2 );margin-right: calc(-4% \/ 2 );\"><div class=\"fusion-layout-column fusion_builder_column_inner fusion-builder-nested-column-2 fusion_builder_column_inner_1_1 1_1 fusion-flex-column\" style=\"--awb-bg-size:cover;--awb-width-large:100%;--awb-margin-top-large:0px;--awb-spacing-right-large:1.92%;--awb-margin-bottom-large:0px;--awb-spacing-left-large:1.92%;--awb-width-medium:100%;--awb-order-medium:0;--awb-spacing-right-medium:1.92%;--awb-spacing-left-medium:1.92%;--awb-width-small:100%;--awb-order-small:0;--awb-spacing-right-small:1.92%;--awb-spacing-left-small:1.92%;\"><div class=\"fusion-column-wrapper fusion-column-has-shadow fusion-flex-justify-content-flex-start fusion-content-layout-column\"><div class=\"fusion-text fusion-text-4\" style=\"--awb-font-size:11px;--awb-text-color:#969696;\"><\/div><\/div><\/div><\/div><div class=\"fusion-separator\" style=\"align-self: flex-start;margin-right:auto;margin-bottom:10px;width:100%;max-width:8%;\"><div class=\"fusion-separator-border sep-single sep-dashed\" style=\"--awb-height:20px;--awb-amount:20px;--awb-sep-color:#969696;border-color:#969696;border-top-width:1px;\"><\/div><\/div><div class=\"fusion-text fusion-text-5\" style=\"--awb-font-size:11px;--awb-text-color:#969696;\"><p>Der Abdruck ist f\u00fcr Pressezwecke unter Angabe des Copyrights honorarfrei.<\/p>\n<\/div><div class=\"fusion-separator\" style=\"align-self: flex-start;margin-right:auto;margin-bottom:10px;width:100%;max-width:8%;\"><div class=\"fusion-separator-border sep-single sep-dashed\" style=\"--awb-height:20px;--awb-amount:20px;--awb-sep-color:#969696;border-color:#969696;border-top-width:1px;\"><\/div><\/div><div class=\"fusion-text fusion-text-6\" style=\"--awb-font-size:11px;--awb-text-color:#969696;\"><p><a href=\"https:\/\/www.minc.at\/wp-content\/uploads\/2021\/08\/210810-Serban-Metes-uebernimmt-Leitung-Einkauf-beim-Premiumbautraeger-Glorit.pdf\">PA: Serban Metes \u00fcbernimmt Leitung Einkauf beim Premiumbautr\u00e4ger Glorit. <\/a><\/p>\n<\/div><div class=\"fusion-separator\" style=\"align-self: flex-start;margin-right:auto;margin-bottom:10px;width:100%;max-width:8%;\"><div class=\"fusion-separator-border sep-single sep-dashed\" style=\"--awb-height:20px;--awb-amount:20px;--awb-sep-color:#969696;border-color:#969696;border-top-width:1px;\"><\/div><\/div><\/div><\/div><\/div><\/div>\n","protected":false},"excerpt":{"rendered":"","protected":false},"author":3,"featured_media":5172,"comment_status":"closed","ping_status":"closed","sticky":false,"template":"","format":"standard","meta":{"_acf_changed":false,"inline_featured_image":false,"footnotes":""},"categories":[58],"tags":[],"class_list":["post-6491","post","type-post","status-publish","format-standard","has-post-thumbnail","hentry","category-minc-news-en"],"acf":[],"_links":{"self":[{"href":"https:\/\/www.minc.at\/en\/wp-json\/wp\/v2\/posts\/6491","targetHints":{"allow":["GET"]}}],"collection":[{"href":"https:\/\/www.minc.at\/en\/wp-json\/wp\/v2\/posts"}],"about":[{"href":"https:\/\/www.minc.at\/en\/wp-json\/wp\/v2\/types\/post"}],"author":[{"embeddable":true,"href":"https:\/\/www.minc.at\/en\/wp-json\/wp\/v2\/users\/3"}],"replies":[{"embeddable":true,"href":"https:\/\/www.minc.at\/en\/wp-json\/wp\/v2\/comments?post=6491"}],"version-history":[{"count":1,"href":"https:\/\/www.minc.at\/en\/wp-json\/wp\/v2\/posts\/6491\/revisions"}],"predecessor-version":[{"id":6496,"href":"https:\/\/www.minc.at\/en\/wp-json\/wp\/v2\/posts\/6491\/revisions\/6496"}],"wp:featuredmedia":[{"embeddable":true,"href":"https:\/\/www.minc.at\/en\/wp-json\/wp\/v2\/media\/5172"}],"wp:attachment":[{"href":"https:\/\/www.minc.at\/en\/wp-json\/wp\/v2\/media?parent=6491"}],"wp:term":[{"taxonomy":"category","embeddable":true,"href":"https:\/\/www.minc.at\/en\/wp-json\/wp\/v2\/categories?post=6491"},{"taxonomy":"post_tag","embeddable":true,"href":"https:\/\/www.minc.at\/en\/wp-json\/wp\/v2\/tags?post=6491"}],"curies":[{"name":"wp","href":"https:\/\/api.w.org\/{rel}","templated":true}]}}