{"id":6422,"date":"2021-12-10T13:10:28","date_gmt":"2021-12-10T13:10:28","guid":{"rendered":"https:\/\/www.minc.at\/amag-und-bc-investieren-ueber-eine-million-euro-an-der-montanuniversitaet-leoben\/"},"modified":"2021-12-20T11:40:09","modified_gmt":"2021-12-20T11:40:09","slug":"amag-und-bc-investieren-ueber-eine-million-euro-an-der-montanuniversitaet-leoben","status":"publish","type":"post","link":"https:\/\/www.minc.at\/en\/amag-und-bc-investieren-ueber-eine-million-euro-an-der-montanuniversitaet-leoben\/","title":{"rendered":"AMAG und B&#038;C investieren \u00fcber eine Million EURO an der  Montanuniversit\u00e4t Leoben"},"content":{"rendered":"<div class=\"fusion-fullwidth fullwidth-box fusion-builder-row-1 fusion-flex-container nonhundred-percent-fullwidth non-hundred-percent-height-scrolling\" style=\"--awb-border-radius-top-left:0px;--awb-border-radius-top-right:0px;--awb-border-radius-bottom-right:0px;--awb-border-radius-bottom-left:0px;--awb-flex-wrap:wrap;\" ><div class=\"fusion-builder-row fusion-row fusion-flex-align-items-flex-start fusion-flex-content-wrap\" style=\"max-width:988px;margin-left: calc(-4% \/ 2 );margin-right: calc(-4% \/ 2 );\"><div class=\"fusion-layout-column fusion_builder_column fusion-builder-column-0 fusion_builder_column_1_1 1_1 fusion-flex-column\" style=\"--awb-bg-size:cover;--awb-width-large:100%;--awb-margin-top-large:0px;--awb-spacing-right-large:1.92%;--awb-margin-bottom-large:20px;--awb-spacing-left-large:1.92%;--awb-width-medium:100%;--awb-order-medium:0;--awb-spacing-right-medium:1.92%;--awb-spacing-left-medium:1.92%;--awb-width-small:100%;--awb-order-small:0;--awb-spacing-right-small:1.92%;--awb-spacing-left-small:1.92%;\"><div class=\"fusion-column-wrapper fusion-column-has-shadow fusion-flex-justify-content-flex-start fusion-content-layout-column\"><div class=\"fusion-title title fusion-title-1 fusion-sep-none fusion-title-text fusion-title-size-div\" style=\"--awb-font-size:11px;\"><div class=\"fusion-title-heading title-heading-left title-heading-tag fusion-responsive-typography-calculated\" style=\"margin:0;font-size:1em;--fontSize:11;--minFontSize:11;line-height:1.5;\">10.12.2021<\/div><\/div><\/div><\/div><div class=\"fusion-layout-column fusion_builder_column fusion-builder-column-1 fusion_builder_column_2_3 2_3 fusion-flex-column\" style=\"--awb-bg-size:cover;--awb-width-large:66.6666666667%;--awb-margin-top-large:0px;--awb-spacing-right-large:2.88%;--awb-margin-bottom-large:20px;--awb-spacing-left-large:2.88%;--awb-width-medium:66.6666666667%;--awb-order-medium:0;--awb-spacing-right-medium:2.88%;--awb-spacing-left-medium:2.88%;--awb-width-small:100%;--awb-order-small:0;--awb-spacing-right-small:1.92%;--awb-spacing-left-small:1.92%;\"><div class=\"fusion-column-wrapper fusion-column-has-shadow fusion-flex-justify-content-flex-start fusion-content-layout-column\"><div class=\"fusion-title title fusion-title-2 fusion-sep-none fusion-title-text fusion-title-size-two\" style=\"--awb-text-color:#4a4843;\"><h2 class=\"fusion-title-heading title-heading-left fusion-responsive-typography-calculated\" style=\"font-family:&quot;Open Sans&quot;;font-style:normal;font-weight:700;margin:0;--fontSize:20;line-height:1.2;\"><\/h2><\/div><div class=\"fusion-separator\" style=\"align-self: flex-start;margin-right:auto;margin-top:10px;margin-bottom:10px;width:100%;max-width:6%;\"><div class=\"fusion-separator-border sep-single sep-dashed\" style=\"--awb-height:20px;--awb-amount:20px;--awb-sep-color:#4a4843;border-color:#4a4843;border-top-width:1px;\"><\/div><\/div><div class=\"fusion-text fusion-text-1\"><ul>\n<li>Kooperationsvertrag f\u00fcr sieben Jahre abgeschlossen<\/li>\n<li>AMAG und B&amp;C investieren in weiteren Ausbau der Aluminiumforschung\nin \u00d6sterreich<\/li>\n<li>Unterst\u00fctzung bei der Ausbildung von Spitzenforschern<\/li>\n<\/ul>\n<p>In enger Zusammenarbeit mit der AMAG ist im vergangenen Jahrzehnt an der\nMontanuniversit\u00e4t Leoben eine Aluminiumforschungsgruppe von Weltrang entstanden.\nZum weiteren Ausbau und zur Festigung dieser Position wurde nach der bereits im Jahr\n2014 initiierten Stiftungsprofessur f\u00fcr Werkstofftechnik von Aluminium, welche durch\nUniv.-Prof. Dr. Stefan Pogatscher besetzt wurde, nun ein weiterer Schritt in diese\nRichtung gesetzt.<\/p>\n<p>AMAG, \u00d6sterreichs gr\u00f6\u00dfter Aluminiumhersteller, hat am 9. Dezember gemeinsam mit\nder B&amp;C Privatstiftung, deren B&amp;C Industrieholding AMAG Kernaktion\u00e4rin ist, einen\nweiteren Kooperationsvertrag mit dem Lehrstuhl f\u00fcr Nichteisenmetallurgie an der\nMontanuniversit\u00e4t Leoben unterzeichnet. Damit verbunden ist die Finanzierung eines\n\u201e<strong>A<\/strong>luminium <strong>M<\/strong>icrostructure <strong>A<\/strong>nalysis <strong>G<\/strong>ainhub (AMAGh)\u201c, um die Aluminiumforschung in\n\u00d6sterreich weiter zu st\u00e4rken.<\/p>\n<p>Mit dieser Investition wird im Sinne der bereits in den letzten Jahren etablierten\nStiftungsprofessur das Heranf\u00fchren von hochqualifizierten Forschern an die Habilitation\nsowie eine exzellente Forschungsinfrastruktur erneut unterst\u00fctzt, womit am Lehrstuhl f\u00fcr\nNichteisenmetallurgie Forschungsthemen der AMAG auf h\u00f6chstem Niveau bearbeitet\nwerden k\u00f6nnen.<\/p>\n<p>Der Schwerpunkt dieses Kooperationsvertrages liegt auf der Erforschung der\nMikrostruktur von Aluminium, um dessen Eigenschaften in der weiteren Verarbeitung und Anwendung steuern zu k\u00f6nnen. Hierzu geh\u00f6rt beispielweise das Verhalten von\nAluminiumblechen bei der Umformung in der Automobil- und Luftfahrtindustrie sowie die\nEntwicklung von Recyclinglegierungen, um den zuk\u00fcnftigen Anforderungen hinsichtlich\nder Kreislaufwirtschaft sowie des Klimaschutzes gerecht zu werden. Im Aluminium\nMicrostructure Analysis Gainhub wird die Expertise zur Nutzung hochkomplexer Ger\u00e4te,\nz.B. hochaufl\u00f6sender Elektronenmikroskope oder Technikumseinrichtungen spezifisch\nf\u00fcr Aluminium geb\u00fcndelt.<\/p>\n<p>Der Kooperationsvertrag sieht einen finanziellen Beitrag der beiden Stiftungspartner\nAMAG und B&amp;C im Ausma\u00df von mehr als einer Millionen Euro \u00fcber die Laufzeit von\nsieben Jahren vor.<\/p>\n<p>\u201eF\u00fcr die AMAG als Premiumlieferant von Aluminiumwalzprodukten mit einem sehr\nhohen Anteil an Spezialit\u00e4ten ist Innovation eine wesentliche S\u00e4ule der\nUnternehmensstrategie. Ein vertieftes Verst\u00e4ndnis des Zusammenhangs von\nMikrostruktur und Eigenschaftsprofil von Materialien ist die Voraussetzung f\u00fcr\nWerkstoff- und Prozessinnovationen und damit f\u00fcr die St\u00e4rkung der\nWettbewerbsf\u00e4higkeit der AMAG\u201c, so Priv.-Doz. Dr. Helmut Kaufmann,\nTechnikvorstand der AMAG Austria Metall AG.<\/p>\n<p>\u201eDie finanzielle Unterst\u00fctzung der AMAG und B&amp;C erm\u00f6glicht es dem Lehrstuhl f\u00fcr\nNichteisenmetallurgie nicht nur die bereits vorhandene hochqualitative Forschung auf\ndem Gebiet von Aluminiumwerkstoffen weiter zu betreiben, sondern vor allem einen\nstrategischen Aufbau von hochqualifiziertem Personal im Bereich der\nAluminiumforschung zu garantieren\u201c, erl\u00e4utert Univ.-Prof. Dr. Wilfried Eichlseder,\nRektor der Montanuniversit\u00e4t Leoben.\n\u201eDie F\u00f6rderung von Forschung und Entwicklung ist ein zentraler Schwerpunkt der\nB&amp;C Privatstiftung. Innovation ist ein Schl\u00fcsselfaktor f\u00fcr die Wettbewerbsf\u00e4higkeit\nentwickelter Volkswirtschaften. Mit der Fortsetzung der Stiftungsprofessur m\u00f6chten\nwir den n\u00f6tigen Spielraum schaffen, um die f\u00fcr die Industrie relevanten\nfachspezifischen Forschungsbereiche gezielt voranzutreiben und auszubauen und so\nnicht nur zum Wachstum unserer Kernbeteiligung AMAG beitragen, sondern auch zur\nSt\u00e4rkung der Forschungsexzellenz in \u00d6sterreich\u201c, so Dr. Mariella Schurz,\nGeneralsekret\u00e4rin der B&amp;C Privatstiftung.<\/p>\n<h3>\u00dcber die AMAG Gruppe<\/h3>\n<p>Die AMAG ist ein f\u00fchrender \u00f6sterreichischer Premiumanbieter von qualitativ hochwertigen Aluminiumguss-und -walzprodukten, die in verschiedensten Industrien wie der Flugzeug-, Automobil-, Sportartikel-, Beleuchtungs-, Maschinenbau-, Bau- und Verpackungsindustrie eingesetzt werden. In der kanadischen Elektrolyse Alouette, an der die AMAG mit 20 Prozent beteiligt ist, wird hochwertiges Prim\u00e4raluminium mit vorbildlicher \u00d6kobilanz produziert. Die AMAG Austria Metall AG h\u00e4lt einen 70 % Anteil an der deutschen Aircraft Philipp Gruppe (ACP) mit Sitz in \u00dcbersee am Chiemsee. ACP hat jahrelange Erfahrung in der Herstellung von einbaufertigen Metallteilen f\u00fcr die Luft- und Raumfahrtindustrie.<\/p>\n<h3>R\u00fcckfragehinweis<\/h3>\n<p><\/br>\n<strong>Leopold P\u00f6cksteiner<\/strong><\/br>\nLeitung Konzernkommunikation<\/br>\nAMAG Austria Metall AG<\/br>\nLamprechtshausenerstra\u00dfe 61<\/br>\n5282 Ranshofen, Austria<\/br>\nTel.: +43 (0) 7722-801-2205<\/br>\nEmail: <a href=\"mailto:publicrelations@amag.at\">publicrelations@amag.at<\/a><\/br>\nWebsite: <a href=\"https:\/\/www.amag-al4u.com\/\">www.amag.at<\/a><\/br><\/p>\n<p><strong>Hinweis<\/strong>\nDie in dieser Ver\u00f6ffentlichung enthaltenen Prognosen, Planungen und zukunftsbezogenen Einsch\u00e4tzungen und Aussagen wurden auf Basis aller der AMAG zum gegenw\u00e4rtigen Zeitpunkt zur Verf\u00fcgung stehenden Informationen getroffen. Sollten die den Prognosen zugrunde liegenden Annahmen nicht eintreffen, Zielsetzungen nicht erreicht werden oder Risiken eintreten, so k\u00f6nnen die tats\u00e4chlichen Ergebnisse von den zurzeit erwarteten Ergebnissen abweichen. Wir \u00fcbernehmen keine Verpflichtung, solche Prognosen angesichts neuer Informationen oder k\u00fcnftiger Ereignisse weiterzuentwickeln. Diese Ver\u00f6ffentlichung wurde mit der gr\u00f6\u00dftm\u00f6glichen Sorgfalt erstellt und die Daten \u00fcberpr\u00fcft. Rundungs-, \u00dcbermittlungs- oder Druckfehler k\u00f6nnen dennoch nicht ausgeschlossen werden. Diese Ver\u00f6ffentlichung ist auch in englischer Sprache verf\u00fcgbar, wobei in Zweifelsf\u00e4llen die deutschsprachige Version ma\u00dfgeblich ist.<\/p>\n<\/div><\/div><\/div><div class=\"fusion-layout-column fusion_builder_column fusion-builder-column-2 fusion_builder_column_1_3 1_3 fusion-flex-column\" style=\"--awb-bg-size:cover;--awb-width-large:33.3333333333%;--awb-margin-top-large:0px;--awb-spacing-right-large:5.76%;--awb-margin-bottom-large:20px;--awb-spacing-left-large:5.76%;--awb-width-medium:33.3333333333%;--awb-order-medium:0;--awb-spacing-right-medium:5.76%;--awb-spacing-left-medium:5.76%;--awb-width-small:100%;--awb-order-small:0;--awb-spacing-right-small:1.92%;--awb-spacing-left-small:1.92%;\"><div class=\"fusion-column-wrapper fusion-column-has-shadow fusion-flex-justify-content-flex-start fusion-content-layout-column\"><div class=\"fusion-builder-row fusion-builder-row-inner fusion-row fusion-flex-align-items-flex-start fusion-flex-content-wrap\" style=\"width:104% !important;max-width:104% !important;margin-left: calc(-4% \/ 2 );margin-right: calc(-4% \/ 2 );\"><div class=\"fusion-layout-column fusion_builder_column_inner fusion-builder-nested-column-0 fusion_builder_column_inner_1_1 1_1 fusion-flex-column\" style=\"--awb-bg-size:cover;--awb-width-large:100%;--awb-margin-top-large:0px;--awb-spacing-right-large:1.92%;--awb-margin-bottom-large:0px;--awb-spacing-left-large:1.92%;--awb-width-medium:100%;--awb-order-medium:0;--awb-spacing-right-medium:1.92%;--awb-spacing-left-medium:1.92%;--awb-width-small:100%;--awb-order-small:0;--awb-spacing-right-small:1.92%;--awb-spacing-left-small:1.92%;\"><div class=\"fusion-column-wrapper fusion-column-has-shadow fusion-flex-justify-content-flex-start fusion-content-layout-column\"><div class=\"fusion-image-element \" style=\"--awb-liftup-border-radius:0px;--awb-margin-bottom:10px;--awb-caption-title-font-family:var(--h2_typography-font-family);--awb-caption-title-font-weight:var(--h2_typography-font-weight);--awb-caption-title-font-style:var(--h2_typography-font-style);--awb-caption-title-size:var(--h2_typography-font-size);--awb-caption-title-transform:var(--h2_typography-text-transform);--awb-caption-title-line-height:var(--h2_typography-line-height);--awb-caption-title-letter-spacing:var(--h2_typography-letter-spacing);\"><div class=\"awb-image-frame awb-image-frame-1 imageframe-liftup\"><span class=\" fusion-imageframe imageframe-none imageframe-1\"><a href=\"https:\/\/www.minc.at\/wp-content\/uploads\/2021\/12\/01_AMAG_University_Leoben-scaled.jpg\" class=\"fusion-lightbox\" data-rel=\"iLightbox[b326bedb9f40fefb5fc]\" data-title=\"01_AMAG_University_Leoben\" title=\"01_AMAG_University_Leoben\"><img decoding=\"async\" width=\"2560\" height=\"1725\" src=\"https:\/\/www.minc.at\/wp-content\/uploads\/2021\/12\/01_AMAG_University_Leoben-scaled.jpg\" data-orig-src=\"https:\/\/www.minc.at\/wp-content\/uploads\/2021\/12\/01_AMAG_University_Leoben-scaled.jpg\" alt class=\"lazyload img-responsive wp-image-6311\" srcset=\"data:image\/svg+xml,%3Csvg%20xmlns%3D%27http%3A%2F%2Fwww.w3.org%2F2000%2Fsvg%27%20width%3D%272560%27%20height%3D%271725%27%20viewBox%3D%270%200%202560%201725%27%3E%3Crect%20width%3D%272560%27%20height%3D%271725%27%20fill-opacity%3D%220%22%2F%3E%3C%2Fsvg%3E\" data-srcset=\"https:\/\/www.minc.at\/wp-content\/uploads\/2021\/12\/01_AMAG_University_Leoben-200x135.jpg 200w, https:\/\/www.minc.at\/wp-content\/uploads\/2021\/12\/01_AMAG_University_Leoben-400x270.jpg 400w, https:\/\/www.minc.at\/wp-content\/uploads\/2021\/12\/01_AMAG_University_Leoben-600x404.jpg 600w, https:\/\/www.minc.at\/wp-content\/uploads\/2021\/12\/01_AMAG_University_Leoben-800x539.jpg 800w, https:\/\/www.minc.at\/wp-content\/uploads\/2021\/12\/01_AMAG_University_Leoben-1200x809.jpg 1200w, https:\/\/www.minc.at\/wp-content\/uploads\/2021\/12\/01_AMAG_University_Leoben-scaled.jpg 2560w\" data-sizes=\"auto\" data-orig-sizes=\"(max-width: 740px) 100vw, 1200px\" \/><\/a><\/span><\/div><\/div>\n<div class=\"fusion-text fusion-text-2\" style=\"--awb-font-size:11px;--awb-text-color:#969696;\"><p>Nach der Unterzeichnung des Kooperationsvertrages: Im Bild erste Reihe v.l.: Prof. Helmut  Antrekowitsch (MUL), Prof. Stefan Pogatscher (MUL), Dr. Mariella Schurz (B&C Privatstiftung)  und AMAG Technikvorstand Dr. Helmut Kaufmann, zweite Reihe v.l.: AMAG  Vorstandsvorsitzender Mag. Gerald Mayer und Rektor Prof. Wilfried Eichlseder (MUL).<\/p>\n<\/div><\/div><\/div><\/div><div class=\"fusion-builder-row fusion-builder-row-inner fusion-row fusion-flex-align-items-flex-start fusion-flex-content-wrap\" style=\"width:104% !important;max-width:104% !important;margin-left: calc(-4% \/ 2 );margin-right: calc(-4% \/ 2 );\"><div class=\"fusion-layout-column fusion_builder_column_inner fusion-builder-nested-column-1 fusion_builder_column_inner_1_1 1_1 fusion-flex-column\" style=\"--awb-bg-size:cover;--awb-width-large:100%;--awb-margin-top-large:0px;--awb-spacing-right-large:1.92%;--awb-margin-bottom-large:0px;--awb-spacing-left-large:1.92%;--awb-width-medium:100%;--awb-order-medium:0;--awb-spacing-right-medium:1.92%;--awb-spacing-left-medium:1.92%;--awb-width-small:100%;--awb-order-small:0;--awb-spacing-right-small:1.92%;--awb-spacing-left-small:1.92%;\"><div class=\"fusion-column-wrapper fusion-column-has-shadow fusion-flex-justify-content-flex-start fusion-content-layout-column\"><div class=\"fusion-text fusion-text-3\" style=\"--awb-font-size:11px;--awb-text-color:#969696;\"><\/div><\/div><\/div><\/div><div class=\"fusion-builder-row fusion-builder-row-inner fusion-row fusion-flex-align-items-flex-start fusion-flex-content-wrap\" style=\"width:104% !important;max-width:104% !important;margin-left: calc(-4% \/ 2 );margin-right: calc(-4% \/ 2 );\"><div class=\"fusion-layout-column fusion_builder_column_inner fusion-builder-nested-column-2 fusion_builder_column_inner_1_1 1_1 fusion-flex-column\" style=\"--awb-bg-size:cover;--awb-width-large:100%;--awb-margin-top-large:0px;--awb-spacing-right-large:1.92%;--awb-margin-bottom-large:0px;--awb-spacing-left-large:1.92%;--awb-width-medium:100%;--awb-order-medium:0;--awb-spacing-right-medium:1.92%;--awb-spacing-left-medium:1.92%;--awb-width-small:100%;--awb-order-small:0;--awb-spacing-right-small:1.92%;--awb-spacing-left-small:1.92%;\"><div class=\"fusion-column-wrapper fusion-column-has-shadow fusion-flex-justify-content-flex-start fusion-content-layout-column\"><div class=\"fusion-text fusion-text-4\" style=\"--awb-font-size:11px;--awb-text-color:#969696;\"><\/div><\/div><\/div><\/div><div class=\"fusion-separator\" style=\"align-self: flex-start;margin-right:auto;margin-bottom:10px;width:100%;max-width:8%;\"><div class=\"fusion-separator-border sep-single sep-dashed\" style=\"--awb-height:20px;--awb-amount:20px;--awb-sep-color:#969696;border-color:#969696;border-top-width:1px;\"><\/div><\/div><div class=\"fusion-text fusion-text-5\" style=\"--awb-font-size:11px;--awb-text-color:#969696;\"><p>Der Abdruck ist f\u00fcr Pressezwecke unter Angabe des Copyrights honorarfrei.<\/p>\n<\/div><div class=\"fusion-separator\" style=\"align-self: flex-start;margin-right:auto;margin-bottom:10px;width:100%;max-width:8%;\"><div class=\"fusion-separator-border sep-single sep-dashed\" style=\"--awb-height:20px;--awb-amount:20px;--awb-sep-color:#969696;border-color:#969696;border-top-width:1px;\"><\/div><\/div><div class=\"fusion-text fusion-text-6\" style=\"--awb-font-size:11px;--awb-text-color:#969696;\"><p><a href=\"https:\/\/www.minc.at\/wp-content\/uploads\/2021\/12\/PM_Kooperation_AMAG_Montanuni_Leoben.pdf\">PA_Kooperation_AMAG_Montanuni_Leoben<\/a><\/p>\n<\/div><div class=\"fusion-separator\" style=\"align-self: flex-start;margin-right:auto;margin-bottom:10px;width:100%;max-width:8%;\"><div class=\"fusion-separator-border sep-single sep-dashed\" style=\"--awb-height:20px;--awb-amount:20px;--awb-sep-color:#969696;border-color:#969696;border-top-width:1px;\"><\/div><\/div><\/div><\/div><\/div><\/div>\n","protected":false},"excerpt":{"rendered":"","protected":false},"author":3,"featured_media":6313,"comment_status":"closed","ping_status":"closed","sticky":false,"template":"","format":"standard","meta":{"_acf_changed":false,"inline_featured_image":false,"footnotes":""},"categories":[58],"tags":[],"class_list":["post-6422","post","type-post","status-publish","format-standard","has-post-thumbnail","hentry","category-minc-news-en"],"acf":[],"_links":{"self":[{"href":"https:\/\/www.minc.at\/en\/wp-json\/wp\/v2\/posts\/6422","targetHints":{"allow":["GET"]}}],"collection":[{"href":"https:\/\/www.minc.at\/en\/wp-json\/wp\/v2\/posts"}],"about":[{"href":"https:\/\/www.minc.at\/en\/wp-json\/wp\/v2\/types\/post"}],"author":[{"embeddable":true,"href":"https:\/\/www.minc.at\/en\/wp-json\/wp\/v2\/users\/3"}],"replies":[{"embeddable":true,"href":"https:\/\/www.minc.at\/en\/wp-json\/wp\/v2\/comments?post=6422"}],"version-history":[{"count":1,"href":"https:\/\/www.minc.at\/en\/wp-json\/wp\/v2\/posts\/6422\/revisions"}],"predecessor-version":[{"id":6427,"href":"https:\/\/www.minc.at\/en\/wp-json\/wp\/v2\/posts\/6422\/revisions\/6427"}],"wp:featuredmedia":[{"embeddable":true,"href":"https:\/\/www.minc.at\/en\/wp-json\/wp\/v2\/media\/6313"}],"wp:attachment":[{"href":"https:\/\/www.minc.at\/en\/wp-json\/wp\/v2\/media?parent=6422"}],"wp:term":[{"taxonomy":"category","embeddable":true,"href":"https:\/\/www.minc.at\/en\/wp-json\/wp\/v2\/categories?post=6422"},{"taxonomy":"post_tag","embeddable":true,"href":"https:\/\/www.minc.at\/en\/wp-json\/wp\/v2\/tags?post=6422"}],"curies":[{"name":"wp","href":"https:\/\/api.w.org\/{rel}","templated":true}]}}